{"id":968,"date":"2018-11-29T16:18:42","date_gmt":"2018-11-29T15:18:42","guid":{"rendered":"http:\/\/service.anyrt.hu\/anyrthu\/?p=968"},"modified":"2019-02-08T10:15:40","modified_gmt":"2019-02-08T09:15:40","slug":"any-bsb-2018","status":"publish","type":"post","link":"https:\/\/www.anyrt.hu\/de\/any-bsb-2018\/","title":{"rendered":"Business Superbrands 2018 v\u00e9djegy &#8211; nyolcadik alkalommal"},"content":{"rendered":"<p>[et_pb_section bb_built=&#8220;1&#8243;][et_pb_row][et_pb_column type=&#8220;4_4&#8243;][et_pb_text _builder_version=&#8220;3.18.2&#8243;]<\/p>\n<p>Id\u00e9n tizenegyedik alkalommal \u00fclt \u00f6ssze a jelenleg 24 tag\u00fa, f\u00fcggetlen szakemberekb\u0151l \u00e1ll\u00f3 bizotts\u00e1g, amely m\u00e1rk\u00e1nkat, az Alf\u00f6ldi Nyomda Zrt-t 8. alkalommal \u00e9rdemesnek tal\u00e1lta a Business Superbrands 2018 v\u00e9djegy visel\u00e9s\u00e9re, amely az \u00fczleti szektor (B2B) m\u00e1rk\u00e1inak legkiv\u00e1l\u00f3bbjait emeli ki, azaz olyan magyarorsz\u00e1gi c\u00e9geket, illetve m\u00e1rk\u00e1kat, <br \/>amelyek nem els\u0151sorban a fogyaszt\u00f3kkal, hanem v\u00e1llalkoz\u00e1sokkal, szervezetekkel \u00e1llnak kapcsolatban.<\/p>\n<p>A Superbrands a sz\u00e9les nagyk\u00f6z\u00f6ns\u00e9g sz\u00e1<span class=\"text_exposed_show\">m\u00e1ra is ismert, a magas min\u0151s\u00e9get szimboliz\u00e1l\u00f3 v\u00e9djegy, a nemzetk\u00f6zi <br \/>program keret\u00e9ben a legkiv\u00e1l\u00f3bb fogyaszt\u00f3i \u00e9s \u00fczleti m\u00e1rk\u00e1k r\u00e9szes\u00fclnek d\u00edjaz\u00e1sban. A d\u00edj oda\u00edt\u00e9l\u00e9s\u00e9r\u0151l egy <br \/>t\u00f6bbl\u00e9pcs\u0151s el\u0151sz\u0171r\u00e9st k\u00f6vet\u0151en az \u00f6sszesen 45 tag\u00fa, f\u00fcggetlen, marketingszakmai \u00e9s v\u00e1llalatvezet\u0151 szakemberekb\u0151l \u00e1ll\u00f3 bizotts\u00e1g d\u00f6nt a minden \u00e9vben.<\/span><\/p>\n<div class=\"text_exposed_show\">\n<p>Hissz\u00fck, hogy a min\u0151s\u00edt\u00e9s, amelyet m\u00e1rk\u00e1nk elnyert, nemcsak biztons\u00e1got, de garanci\u00e1t is ny\u00fajt v\u00e1s\u00e1rl\u00f3ink, <br \/>\u00fcgyfeleink mindennapi v\u00e1laszt\u00e1s\u00e1hoz.<\/p>\n<p>A d\u00edj olyan pozit\u00edv visszajelz\u00e9s a brandr\u0151l, amely szakmai alapon emeli ki a legjobbakat. A d\u00edjat oda\u00edt\u00e9l\u0151 bizotts\u00e1g az \u00e1gazat elismert szakembereib\u0151l \u00e1ll, akik d\u00f6nt\u00e9s\u00fckkel tan\u00fas\u00edtj\u00e1k m\u00e1rk\u00e1nk eddigi sikeress\u00e9g\u00e9t \u00e9s hiteless\u00e9g\u00e9t. A jel\u00f6l\u00e9s kiz\u00e1r\u00f3lag szakmai szempontok alapj\u00e1n t\u00f6rt\u00e9nik, arra sem p\u00e1ly\u00e1zni, sem jelentkezni nem lehet.<\/p>\n<\/div>\n<p>[\/et_pb_text][\/et_pb_column][\/et_pb_row][\/et_pb_section]<\/p>\n","protected":false},"excerpt":{"rendered":"<p><div class=\"et_pb_row et_pb_row_0 et_pb_row_empty\">\n\t\t\t\t\n\t\t\t\t\n\t\t\t\t\n\t\t\t\t\n\t\t\t\t\n\t\t\t<\/div> Id\u00e9n tizenegyedik alkalommal \u00fclt \u00f6ssze a jelenleg 24 tag\u00fa, f\u00fcggetlen szakemberekb\u0151l \u00e1ll\u00f3 bizotts\u00e1g, amely m\u00e1rk\u00e1nkat, az Alf\u00f6ldi Nyomda Zrt-t 8. alkalommal \u00e9rdemesnek tal\u00e1lta a Business Superbrands 2018 v\u00e9djegy visel\u00e9s\u00e9re, amely az \u00fczleti szektor (B2B) m\u00e1rk\u00e1inak legkiv\u00e1l\u00f3bbjait emeli ki, azaz olyan magyarorsz\u00e1gi c\u00e9geket, illetve m\u00e1rk\u00e1kat, amelyek nem els\u0151sorban a fogyaszt\u00f3kkal, hanem v\u00e1llalkoz\u00e1sokkal, szervezetekkel \u00e1llnak kapcsolatban. [&hellip;]<\/p>\n","protected":false},"author":1,"featured_media":223269,"comment_status":"closed","ping_status":"open","sticky":false,"template":"","format":"standard","meta":{"_et_pb_use_builder":"on","_et_pb_old_content":"Id\u00e9n tizenegyedik alkalommal \u00fclt \u00f6ssze a jelenleg 24 tag\u00fa, f\u00fcggetlen szakemberekb\u0151l \u00e1ll\u00f3 bizotts\u00e1g,\namely m\u00e1rk\u00e1nkat, az Alf\u00f6ldi Nyomda Zrt-t 8. alkalommal \u00e9rdemesnek tal\u00e1lta a Business Superbrands 2018\nv\u00e9djegy visel\u00e9s\u00e9re, amely az \u00fczleti szektor (B2B) m\u00e1rk\u00e1inak legkiv\u00e1l\u00f3bbjait emeli ki, azaz olyan\nmagyarorsz\u00e1gi c\u00e9geket, illetve m\u00e1rk\u00e1kat, amelyek nem els\u0151sorban a fogyaszt\u00f3kkal, hanem v\u00e1llalkoz\u00e1sokkal,\nszervezetekkel \u00e1llnak kapcsolatban.\n\nA Superbrands a sz\u00e9les nagyk\u00f6z\u00f6ns\u00e9g sz\u00e1m\u00e1ra is ismert, a magas min\u0151s\u00e9get szimboliz\u00e1l\u00f3 v\u00e9djegy,\na nemzetk\u00f6zi program keret\u00e9ben a legkiv\u00e1l\u00f3bb fogyaszt\u00f3i \u00e9s \u00fczleti m\u00e1rk\u00e1k r\u00e9szes\u00fclnek d\u00edjaz\u00e1sban.\nA d\u00edj oda\u00edt\u00e9l\u00e9s\u00e9r\u0151l egy t\u00f6bbl\u00e9pcs\u0151s el\u0151sz\u0171r\u00e9st k\u00f6vet\u0151en az \u00f6sszesen 45 tag\u00fa, f\u00fcggetlen, marketingszakmai\n\u00e9s v\u00e1llalatvezet\u0151 szakemberekb\u0151l \u00e1ll\u00f3 bizotts\u00e1g d\u00f6nt a minden \u00e9vben.\n\nHissz\u00fck, hogy a min\u0151s\u00edt\u00e9s, amelyet m\u00e1rk\u00e1nk elnyert, nemcsak biztons\u00e1got, de garanci\u00e1t is ny\u00fajt v\u00e1s\u00e1rl\u00f3ink,\n\u00fcgyfeleink mindennapi v\u00e1laszt\u00e1s\u00e1hoz.\n\nA d\u00edj olyan pozit\u00edv visszajelz\u00e9s a brandr\u0151l, amely szakmai alapon emeli ki a legjobbakat.\nA d\u00edjat oda\u00edt\u00e9l\u0151 bizotts\u00e1g az \u00e1gazat elismert szakembereib\u0151l \u00e1ll, akik d\u00f6nt\u00e9s\u00fckkel tan\u00fas\u00edtj\u00e1k m\u00e1rk\u00e1nk\neddigi sikeress\u00e9g\u00e9t \u00e9s hiteless\u00e9g\u00e9t. A jel\u00f6l\u00e9s kiz\u00e1r\u00f3lag szakmai szempontok alapj\u00e1n t\u00f6rt\u00e9nik, arra sem\np\u00e1ly\u00e1zni, sem jelentkezni nem lehet.","_et_gb_content_width":""},"categories":[8],"tags":[],"_links":{"self":[{"href":"https:\/\/www.anyrt.hu\/de\/wp-json\/wp\/v2\/posts\/968"}],"collection":[{"href":"https:\/\/www.anyrt.hu\/de\/wp-json\/wp\/v2\/posts"}],"about":[{"href":"https:\/\/www.anyrt.hu\/de\/wp-json\/wp\/v2\/types\/post"}],"author":[{"embeddable":true,"href":"https:\/\/www.anyrt.hu\/de\/wp-json\/wp\/v2\/users\/1"}],"replies":[{"embeddable":true,"href":"https:\/\/www.anyrt.hu\/de\/wp-json\/wp\/v2\/comments?post=968"}],"version-history":[{"count":1,"href":"https:\/\/www.anyrt.hu\/de\/wp-json\/wp\/v2\/posts\/968\/revisions"}],"predecessor-version":[{"id":223440,"href":"https:\/\/www.anyrt.hu\/de\/wp-json\/wp\/v2\/posts\/968\/revisions\/223440"}],"wp:featuredmedia":[{"embeddable":true,"href":"https:\/\/www.anyrt.hu\/de\/wp-json\/wp\/v2\/media\/223269"}],"wp:attachment":[{"href":"https:\/\/www.anyrt.hu\/de\/wp-json\/wp\/v2\/media?parent=968"}],"wp:term":[{"taxonomy":"category","embeddable":true,"href":"https:\/\/www.anyrt.hu\/de\/wp-json\/wp\/v2\/categories?post=968"},{"taxonomy":"post_tag","embeddable":true,"href":"https:\/\/www.anyrt.hu\/de\/wp-json\/wp\/v2\/tags?post=968"}],"curies":[{"name":"wp","href":"https:\/\/api.w.org\/{rel}","templated":true}]}}